{"id":519,"date":"2022-04-23T21:49:00","date_gmt":"2022-04-23T19:49:00","guid":{"rendered":"http:\/\/poradnictwo.deignis.pl\/?p=519"},"modified":"2023-05-05T22:04:10","modified_gmt":"2023-05-05T20:04:10","slug":"letnia-szkola-2022-2","status":"publish","type":"post","link":"https:\/\/poradnictwo.deignis.pl\/index.php\/2022\/04\/23\/letnia-szkola-2022-2\/","title":{"rendered":"Letnia Szko\u0142a 2022"},"content":{"rendered":"<p><span style=\"font-family: helvetica, arial, sans-serif;\">Zapraszamy na pi\u0105t\u0105 <strong>LETNI\u0104 SZKO\u0141\u0118 DUSZPASTERSTWA DE\u2019IGNIS w Pomysku Wielkim<\/strong> na Kaszubach w dniach <strong>22-26 sierpnia<\/strong> <strong>2022 r.<\/strong> (od poniedzia\u0142ku do pi\u0105tku). <strong>Dom Ichthys<\/strong>, w kt\u00f3rym b\u0119dzie szkolenie i zakwaterowanie, po\u0142o\u017cony jest nad jeziorem w pobli\u017cu las\u00f3w w malowniczym, cichym zak\u0105tku. Podobnie jak w ubieg\u0142ych latach po\u0142\u0105czymy 6 godzin wyk\u0142ad\u00f3w i \u0107wicze\u0144 dziennie z wypoczynkiem, spo\u0142eczno\u015bci\u0105, modlitw\u0105 i uwielbieniem Boga.<\/span><\/p>\n<h5><strong><span style=\"font-family: helvetica, arial, sans-serif; font-size: 12pt;\">TEMAT szkolenia: <em>Trudne sytuacje w duszpasterstwie i jak sobie z nimi radzi\u0107: samob\u00f3jstwo, bunt, napady z\u0142o\u015bci, ataki s\u0142owne i fizyczne, l\u0119ki itp. <\/em><\/span><\/strong><\/h5>\n<p><span style=\"font-family: helvetica, arial, sans-serif;\">Celem tej Letniej Szko\u0142y, bior\u0105c pod uwag\u0119 praktyczne do\u015bwiadczenie uczestnik\u00f3w, jest poszerzenie ich umiej\u0119tno\u015bci w radzeniu sobie z trudnymi sytuacjami w duszpasterstwie.<\/span><\/p>\n<p><span style=\"font-family: helvetica, arial, sans-serif;\"><strong>Opr\u00f3cz wyk\u0142ad\u00f3w i prezentacji<\/strong> <strong>b\u0119d\u0105 \u0107wiczenia praktyczne takie, jak prowadzenie rozmowy itp.<\/strong> <strong>Mile widziane b\u0119d\u0105 r\u00f3wnie\u017c Wasze pytania i przyk\u0142ady z Waszego do\u015bwiadczenia. Szkolenie b\u0119dzie na pewno ciekawe, praktyczne, bliskie \u017cyciu i nie zabraknie nam dobrego humoru. <\/strong><\/span><\/p>\n<p><span style=\"font-family: helvetica, arial, sans-serif;\">Oferujemy mo\u017cliwo\u015b\u0107 uzyskania <strong>certyfikatu z psychoedukacji<\/strong>. Taki certyfikat mog\u0105 otrzyma\u0107 osoby, kt\u00f3re s\u0105 z wykszta\u0142cenia lekarzami, psychologami, psychoterapeutami, pedagogami lub wykonuj\u0105 zaw\u00f3d spo\u0142eczny (np. nauczyciel, piel\u0119gniarka, socjolog itp.). Pozostali uczestnicy otrzymaj\u0105 <strong>za\u015bwiadczenie<\/strong> <strong>o uczestnictwie<\/strong> w szkoleniu.<\/span><\/p>\n<p><span style=\"font-family: helvetica, arial, sans-serif;\"><strong>WYK\u0141ADOWCY:<\/strong><\/span><\/p>\n<p><span style=\"font-family: helvetica, arial, sans-serif;\"><strong>Prof. dr med. Herbert Scheiblich<\/strong>, <strong>psychiatra, wyk\u0142adowca na Uniwersytecie w Mainz w Niemczech oraz w Bern w Szwajcarii.<\/strong><\/span><\/p>\n<p><span style=\"font-family: helvetica, arial, sans-serif;\"><strong>Winfried Hahn <\/strong>(prawdopodobnie), <strong>pedagog i pastor, szef Centrum Pozaklinicznej Opieki Psychiatrycznej DE\u2019IGNIS w Engelswies w Niemczech.<\/strong><\/span><\/p>\n<p><span style=\"font-family: helvetica, arial, sans-serif;\"><strong>MIEJSCE<\/strong><strong> szkolenia<\/strong>: <strong>Dom Ichthys w Pomysku Wielkim, ul. Stary Staw 1<\/strong> (adres w mapach Google: Pomysk Wielki 61A [poprzedni adres], wsp\u00f3\u0142rz\u0119dne GPS: 54.194559, 17.548113). Zdj\u0119cia domu mo\u017cna zobaczy\u0107 na <a href=\"http:\/\/www.deignis.pl\">www.deignis.pl<\/a> w zak\u0142adce Dom Ichthys \u2192 Galeria-dom.<\/span><\/p>\n<p><span style=\"font-family: helvetica, arial, sans-serif;\"><strong>KOSZT zakwaterowania i wy\u017cywienia <\/strong>(od kolacji w poniedzia\u0142ek do obiadu w pi\u0105tek)<strong> w du\u017cym domu Ichthys<\/strong> wynosi 344 z\u0142 plus 5 z\u0142 za po\u015bciel czyli <strong>349 z\u0142 <\/strong>. Dochodzi jeszcze <strong>OP\u0141ATA za samo szkolenie<\/strong> w wysoko\u015bci <strong>270 z\u0142<\/strong>. Czyli <strong>KOSZT CA\u0141KOWITY<\/strong> <strong>w du\u017cym domu<\/strong> <strong>Ichthys<\/strong> wynosi <strong>619 z\u0142.\u00a0<\/strong><\/span><span style=\"font-family: helvetica, arial, sans-serif;\"><strong>Pokoje<\/strong> <strong>w domu Ichthys<\/strong> s\u0105 3-4 osobowe oraz dwa pokoje 6 osobowe. \u0141azienki na korytarzu. Przy rozmieszczaniu os\u00f3b w pokojach przyjmiemy kryterium wieku tzn. osoby najm\u0142odsze b\u0119d\u0105 mia\u0142y pokoje 6 osobowe na II pi\u0119trze.\u00a0<\/span><span style=\"font-family: helvetica, arial, sans-serif;\"><strong>Rozpoczynamy kolacj\u0105 o<\/strong> <strong>godz. 18:00<\/strong> <strong>w poniedzia\u0142ek 22.08.<\/strong> <strong>Zakwaterowanie od godz. 16:00<\/strong>.\u00a0<\/span><span style=\"font-family: helvetica, arial, sans-serif;\"><strong>Zako\u0144czymy<\/strong> <strong>obiadem<\/strong> <strong>o 14:00<\/strong> <strong>w pi\u0105tek 26.08. <\/strong>Gdyby kto\u015b chcia\u0142 zosta\u0107 w Pomysku do soboty, to jak najbardziej b\u0119dzie to mo\u017cliwe.<\/span><\/p>\n<p><span style=\"font-family: helvetica, arial, sans-serif;\"><strong>ZG\u0141OSZENIA<\/strong><strong> mailem na <a href=\"mailto:biuro@deignis.pl\">biuro@deignis.pl<\/a> lub telefonicznie: 730\u00a0241\u00a0712.<\/strong><\/span><\/p>\n<p><span style=\"font-family: helvetica, arial, sans-serif;\"><strong>Do 15 lipca<\/strong> \u00a0nale\u017cy wp\u0142aci\u0107 <strong>bezzwrotn\u0105<\/strong> <strong>zaliczk\u0119 w wysoko\u015bci 100 z\u0142<\/strong> <strong>na konto gospodarzy domu Ichthys w Pomysku, kt\u00f3re podam po przyj\u0119ciu zg\u0142oszenia.<\/strong> Zaliczka jest na poczet zakwaterowania i wy\u017cywienia i b\u0119dzie zwracana tylko w przypadku konieczno\u015bci odwo\u0142ania szkolenia z powodu pandemii lub z powod\u00f3w organizacyjnych. <\/span><\/p>\n<p><span style=\"font-family: helvetica, arial, sans-serif;\"><strong>Do 15 sierpnia<\/strong> <strong>nale\u017cy dokona\u0107 op\u0142aty za samo szkolenie w wysoko\u015bci 270 z\u0142 \u00a0na konto Fundacji DE\u2019IGNIS-Polska, kt\u00f3re zostanie podane po przyj\u0119ciu zg\u0142oszenia.<\/strong><\/span><\/p>\n<p style=\"text-align: left;\"><span style=\"font-family: helvetica, arial, sans-serif;\">B\u0119dziemy te\u017c <strong>zbiera\u0107 ofiar\u0119<\/strong> podczas szkolenia na dzia\u0142alno\u015b\u0107 naszej Fundacji.<\/span><\/p>\n<p style=\"text-align: center;\"><span style=\"font-family: helvetica, arial, sans-serif;\"> <span style=\"color: #0000ff;\"><strong>Zach\u0119camy do uczestnictwa!<\/strong><\/span><\/span><\/p>\n","protected":false},"excerpt":{"rendered":"<p>Zapraszamy na pi\u0105t\u0105 LETNI\u0104 SZKO\u0141\u0118 DUSZPASTERSTWA DE\u2019IGNIS w Pomysku Wielkim na Kaszubach w dniach 22-26 sierpnia 2022 r. (od poniedzia\u0142ku do pi\u0105tku). Dom Ichthys, w kt\u00f3rym b\u0119dzie szkolenie i zakwaterowanie, po\u0142o\u017cony jest nad jeziorem w pobli\u017cu las\u00f3w w malowniczym, cichym zak\u0105tku. Podobnie jak w ubieg\u0142ych latach po\u0142\u0105czymy 6 godzin wyk\u0142ad\u00f3w i \u0107wicze\u0144 dziennie z wypoczynkiem, &#8230; <a title=\"Letnia Szko\u0142a 2022\" class=\"read-more\" href=\"https:\/\/poradnictwo.deignis.pl\/index.php\/2022\/04\/23\/letnia-szkola-2022-2\/\" aria-label=\"Dowiedz si\u0119 wi\u0119cej o Letnia Szko\u0142a 2022\">czytaj dalej<\/a><\/p>\n","protected":false},"author":2,"featured_media":0,"comment_status":"closed","ping_status":"open","sticky":false,"template":"","format":"standard","meta":{"generate_page_header":"","footnotes":""},"categories":[7],"tags":[],"class_list":["post-519","post","type-post","status-publish","format-standard","hentry","category-archiwum","generate-columns","tablet-grid-50","mobile-grid-100","grid-parent","grid-50"],"_links":{"self":[{"href":"https:\/\/poradnictwo.deignis.pl\/index.php\/wp-json\/wp\/v2\/posts\/519","targetHints":{"allow":["GET"]}}],"collection":[{"href":"https:\/\/poradnictwo.deignis.pl\/index.php\/wp-json\/wp\/v2\/posts"}],"about":[{"href":"https:\/\/poradnictwo.deignis.pl\/index.php\/wp-json\/wp\/v2\/types\/post"}],"author":[{"embeddable":true,"href":"https:\/\/poradnictwo.deignis.pl\/index.php\/wp-json\/wp\/v2\/users\/2"}],"replies":[{"embeddable":true,"href":"https:\/\/poradnictwo.deignis.pl\/index.php\/wp-json\/wp\/v2\/comments?post=519"}],"version-history":[{"count":5,"href":"https:\/\/poradnictwo.deignis.pl\/index.php\/wp-json\/wp\/v2\/posts\/519\/revisions"}],"predecessor-version":[{"id":528,"href":"https:\/\/poradnictwo.deignis.pl\/index.php\/wp-json\/wp\/v2\/posts\/519\/revisions\/528"}],"wp:attachment":[{"href":"https:\/\/poradnictwo.deignis.pl\/index.php\/wp-json\/wp\/v2\/media?parent=519"}],"wp:term":[{"taxonomy":"category","embeddable":true,"href":"https:\/\/poradnictwo.deignis.pl\/index.php\/wp-json\/wp\/v2\/categories?post=519"},{"taxonomy":"post_tag","embeddable":true,"href":"https:\/\/poradnictwo.deignis.pl\/index.php\/wp-json\/wp\/v2\/tags?post=519"}],"curies":[{"name":"wp","href":"https:\/\/api.w.org\/{rel}","templated":true}]}}