{"id":531,"date":"2022-09-27T14:55:35","date_gmt":"2022-09-27T12:55:35","guid":{"rendered":"http:\/\/poradnictwo.deignis.pl\/?p=531"},"modified":"2023-10-05T22:58:01","modified_gmt":"2023-10-05T20:58:01","slug":"spotkanie-punktow-8-pazdziernika-2022-r","status":"publish","type":"post","link":"https:\/\/poradnictwo.deignis.pl\/index.php\/2022\/09\/27\/spotkanie-punktow-8-pazdziernika-2022-r\/","title":{"rendered":"Spotkanie punkt\u00f3w 8 pa\u017adziernika 2022 r."},"content":{"rendered":"<p><strong>Zapraszamy na otwarte dla wszystkich szkolenie Punkt\u00f3w Poradnictwa Ichthys<\/strong> <strong>w sobot\u0119 8 pa\u017adziernika 2022 r.<\/strong> <strong>w Warszawie, w<\/strong> <strong>Wy\u017cszej Szkole Teologiczno-Spo\u0142ecznej przy ul. Wybornej 20 (Targ\u00f3wek), w godzinach<\/strong> <strong>10:00-16:00<\/strong>.<\/p>\n<p><strong>TEMAT<\/strong>: <strong><em>Trauma wojenna \u2013 podej\u015bcie duszpasterskie.<\/em><\/strong><\/p>\n<p><strong>WYK\u0141ADOWCY:<\/strong><\/p>\n<p><strong>Prof. dr med. Herbert Scheiblich<\/strong>, psychiatra, wyk\u0142ada na Uniwersytecie w Mainz w Niemczech oraz w Bern w Szwajcarii. Odpowiada za psychoterapeutyczn\u0105 dzia\u0142alno\u015b\u0107 Instytutu DE\u2019IGNIS w Altensteig.<\/p>\n<p><strong>Winfried Hahn<\/strong>, pedagog i pastor, szef Centrum Pozaklinicznej Opieki Psychiatrycznej DE\u2019IGNIS w Engelswies w Niemczech, prezes Fundacji DE\u2019IGNIS-Polska.<\/p>\n<p><strong>Rejestracja od godz. 9:30<br \/>\nRozpocz\u0119cie spotkania o godz. 10:00<br \/>\nPrzerwa na kaw\u0119\u00a0 ok. godz. 12:00<br \/>\nPrzerwa na obiad\u00a0 14:15-15:00<br \/>\nZako\u0144czenie 16.00 (15.00-16.00 \u2013 wymiana do\u015bwiadcze\u0144 mi\u0119dzy uczestnikami) <\/strong><\/p>\n<p><strong>OP\u0141ATY<\/strong><strong> na konto\u00a0<a href=\"http:\/\/deignis.pl\/\">Fundacji DE\u2019IGNIS-Polska<\/a>, kt\u00f3re zostanie podane po przyj\u0119ciu zg\u0142oszenia.<br \/>\n\u2013 za uczestnictwo:\u00a0 48 z\u0142<br \/>\n\u2013 za obiad:\u00a0 22 z\u0142 (catering), czyli\u00a0z obiadem 70 z\u0142<\/strong><\/p>\n<p><strong>ZG\u0141OSZENIE uczestnictwa i zam\u00f3wienie obiadu mailem na <a href=\"mailto:biuro@deignis.pl\">biuro@deignis.pl<\/a> lub telefonicznie: 730 241 712. <span style=\"color: #ff0000;\">Prosz\u0119 pisa\u0107 w mailu: z obiadem lub bez obiadu.<\/span><\/strong><\/p>\n","protected":false},"excerpt":{"rendered":"<p>Zapraszamy na otwarte dla wszystkich szkolenie Punkt\u00f3w Poradnictwa Ichthys w sobot\u0119 8 pa\u017adziernika 2022 r. w Warszawie, w Wy\u017cszej Szkole Teologiczno-Spo\u0142ecznej przy ul. Wybornej 20 (Targ\u00f3wek), w godzinach 10:00-16:00. TEMAT: Trauma wojenna \u2013 podej\u015bcie duszpasterskie. WYK\u0141ADOWCY: Prof. dr med. Herbert Scheiblich, psychiatra, wyk\u0142ada na Uniwersytecie w Mainz w Niemczech oraz w Bern w Szwajcarii. Odpowiada &#8230; <a title=\"Spotkanie punkt\u00f3w 8 pa\u017adziernika 2022 r.\" class=\"read-more\" href=\"https:\/\/poradnictwo.deignis.pl\/index.php\/2022\/09\/27\/spotkanie-punktow-8-pazdziernika-2022-r\/\" aria-label=\"Dowiedz si\u0119 wi\u0119cej o Spotkanie punkt\u00f3w 8 pa\u017adziernika 2022 r.\">czytaj dalej<\/a><\/p>\n","protected":false},"author":2,"featured_media":0,"comment_status":"closed","ping_status":"open","sticky":false,"template":"","format":"standard","meta":{"generate_page_header":"","footnotes":""},"categories":[7],"tags":[],"class_list":["post-531","post","type-post","status-publish","format-standard","hentry","category-archiwum","generate-columns","tablet-grid-50","mobile-grid-100","grid-parent","grid-50"],"_links":{"self":[{"href":"https:\/\/poradnictwo.deignis.pl\/index.php\/wp-json\/wp\/v2\/posts\/531","targetHints":{"allow":["GET"]}}],"collection":[{"href":"https:\/\/poradnictwo.deignis.pl\/index.php\/wp-json\/wp\/v2\/posts"}],"about":[{"href":"https:\/\/poradnictwo.deignis.pl\/index.php\/wp-json\/wp\/v2\/types\/post"}],"author":[{"embeddable":true,"href":"https:\/\/poradnictwo.deignis.pl\/index.php\/wp-json\/wp\/v2\/users\/2"}],"replies":[{"embeddable":true,"href":"https:\/\/poradnictwo.deignis.pl\/index.php\/wp-json\/wp\/v2\/comments?post=531"}],"version-history":[{"count":1,"href":"https:\/\/poradnictwo.deignis.pl\/index.php\/wp-json\/wp\/v2\/posts\/531\/revisions"}],"predecessor-version":[{"id":532,"href":"https:\/\/poradnictwo.deignis.pl\/index.php\/wp-json\/wp\/v2\/posts\/531\/revisions\/532"}],"wp:attachment":[{"href":"https:\/\/poradnictwo.deignis.pl\/index.php\/wp-json\/wp\/v2\/media?parent=531"}],"wp:term":[{"taxonomy":"category","embeddable":true,"href":"https:\/\/poradnictwo.deignis.pl\/index.php\/wp-json\/wp\/v2\/categories?post=531"},{"taxonomy":"post_tag","embeddable":true,"href":"https:\/\/poradnictwo.deignis.pl\/index.php\/wp-json\/wp\/v2\/tags?post=531"}],"curies":[{"name":"wp","href":"https:\/\/api.w.org\/{rel}","templated":true}]}}