{"id":581,"date":"2024-02-24T14:19:28","date_gmt":"2024-02-24T13:19:28","guid":{"rendered":"http:\/\/poradnictwo.deignis.pl\/?p=581"},"modified":"2025-05-29T21:20:10","modified_gmt":"2025-05-29T19:20:10","slug":"konferencja-duszpasterstwa","status":"publish","type":"post","link":"https:\/\/poradnictwo.deignis.pl\/index.php\/2024\/02\/24\/konferencja-duszpasterstwa\/","title":{"rendered":"Konferencja Duszpasterstwa"},"content":{"rendered":"<p><span style=\"font-family: helvetica, arial, sans-serif;\">Zamiast sierpniowej Letniej Szko\u0142y Duszpasterstwa, kt\u00f3ra odbywa\u0142a si\u0119 przez ostatnie 6 lat, zapraszamy w tym roku na szkolenie \u201e<strong>KONFERENCJA \u00a0DUSZPASTERSKA\u201d <\/strong><strong>w Pomysku Wielkim<\/strong> na Kaszubach w dniach <strong>23-26 maja 2024 r.<\/strong> (czwartek-niedziela). <strong>Dom Ichthys<\/strong> &#8211; miejsce konferencji i zakwaterowania, po\u0142o\u017cony jest nad jeziorem w pobli\u017cu las\u00f3w w malowniczym, cichym zak\u0105tku. Podobnie jak w ubieg\u0142ych latach po\u0142\u0105czymy 5-6 godzin wyk\u0142ad\u00f3w i \u0107wicze\u0144 dziennie z wypoczynkiem, spo\u0142eczno\u015bci\u0105, modlitw\u0105 i uwielbieniem.<\/span><\/p>\n<p><span style=\"font-family: helvetica, arial, sans-serif;\"><strong>TEMATY<\/strong> <strong>Konferencji:<\/strong> \u00a0<\/span><\/p>\n<ul style=\"list-style-type: disc;\">\n<li><span style=\"font-family: helvetica, arial, sans-serif;\"><strong><em>Autorytet duchowy w s\u0142u\u017cbie dla\u00a0 Kr\u00f3lestwa Bo\u017cego. Szkolenie w dziedzinie autorytetu duchowego, uwolnienia i uzdrowienia. <\/em><\/strong><\/span><\/li>\n<\/ul>\n<p style=\"margin-left: 35px;\"><span style=\"font-family: helvetica, arial, sans-serif;\"><em>Kr\u00f3lestwo Bo\u017ce charakteryzuje si\u0119 uzdrowieniem, uwolnieniem i autorytetem duchowym. Chrystus jest Kr\u00f3lem w tym Kr\u00f3lestwie, kt\u00f3re jest ju\u017c widzialne i zaczyna si\u0119 w naszych sercach. Jak mo\u017cemy wspiera\u0107 rozw\u00f3j Jego panowania jako Kr\u00f3l i co to oznacza dla s\u0142u\u017cby duszpasterskiej?<\/em><\/span><\/p>\n<ul style=\"list-style-type: disc;\">\n<li><span style=\"font-family: helvetica, arial, sans-serif; font-size: 12pt;\"><strong><em>Transgeneracyjne wp\u0142ywy w naszym \u017cyciu oraz epigenetyka.<\/em><\/strong><\/span><\/li>\n<\/ul>\n<p><span style=\"font-family: helvetica, arial, sans-serif;\"><strong>Opr\u00f3cz wyk\u0142ad\u00f3w i prezentacji<\/strong> <strong>b\u0119d\u0105 \u0107wiczenia praktyczne.<\/strong> <strong>Mile widziane b\u0119d\u0105 r\u00f3wnie\u017c Wasze pytania i przyk\u0142ady z Waszego do\u015bwiadczenia. Szkolenie b\u0119dzie na pewno ciekawe, praktyczne, bliskie \u017cyciu i nie zabraknie nam dobrego humoru. <\/strong><\/span><\/p>\n<p><span style=\"font-family: helvetica, arial, sans-serif;\">Oferujemy mo\u017cliwo\u015b\u0107 uzyskania <strong>certyfikatu z psychoedukacji<\/strong>. Taki certyfikat mog\u0105 otrzyma\u0107 osoby, kt\u00f3re s\u0105 z wykszta\u0142cenia lekarzami, psychologami, psychoterapeutami, pedagogami lub wykonuj\u0105 zaw\u00f3d spo\u0142eczny (np. nauczyciel, piel\u0119gniarka, socjolog itp.). Pozostali uczestnicy otrzymaj\u0105 <strong>za\u015bwiadczenie<\/strong> <strong>o uczestnictwie<\/strong> w szkoleniu.<\/span><\/p>\n<p><span style=\"font-family: helvetica, arial, sans-serif;\"><strong>WYK\u0141ADOWCY<\/strong><strong>:<\/strong>\u00a0<\/span><\/p>\n<p><span style=\"font-family: helvetica, arial, sans-serif;\"><strong>Winfried Hahn<\/strong>, pedagog i pastor, autor kilku ksi\u0105\u017cek. Przez ponad 20 lat by\u0142 pastorem w kilku ko\u015bcio\u0142ach charyzmatycznych, kt\u00f3re prze\u017cy\u0142y duchowe przebudzenie. Owocem tych przebudze\u0144 by\u0142o \u200b\u200bpowstanie Centrum Pozaklinicznej Opieki Psychiatrycznej DE\u2019IGNIS w Engelswies w Niemczech, kt\u00f3rym kierowa\u0142 przez 30 lat. Za\u0142o\u017cy\u0142 tak\u017ce Centrum Szkoleniowe Tabor w zakresie teologii pastoralnej, poradnictwa, duszpasterstwa\u00a0 oraz przebudzenia. Jego celem jest promowanie duchowych prze\u0142om\u00f3w i przebudzenia poprzez zdrowe nauczanie biblijne po\u0142\u0105czone z entuzjazmem, kt\u00f3rego \u017ar\u00f3d\u0142em jest Duch \u015awi\u0119ty.<\/span><\/p>\n<p><span style=\"font-family: helvetica, arial, sans-serif;\"><strong>Prof. Herbert Scheiblich<\/strong>, psychiatra, wyk\u0142ada\u0142 na Uniwersytecie w Mainz w Niemczech oraz w Bern w Szwajcarii.<\/span><\/p>\n<p><span style=\"font-family: helvetica, arial, sans-serif;\"><strong>MIEJSCE<\/strong><strong> Konferencji<\/strong>: <strong>Dom Ichthys w Pomysku Wielkim k\/Bytowa, ul. Stary Staw 1.<\/strong> (poprzedni adres do u\u017cycia w mapach Google: Pomysk Wielki 61A, wsp\u00f3\u0142rz\u0119dne GPS: 54.194559, 17.548113). Zdj\u0119cia domu mo\u017cna zobaczy\u0107 tu: <a href=\"http:\/\/deignis.pl\/dom-ichthys\/galeria-dom\/\">http:\/\/deignis.pl\/dom-ichthys\/galeria-dom\/<\/a><\/span><\/p>\n<p><span style=\"font-family: helvetica, arial, sans-serif;\"><strong>KOSZT zakwaterowania i wy\u017cywienia <\/strong>(od kolacji w czwartek o 18:00 do obiadu w niedziel\u0119 o 13:00) w du\u017cym domu Ichthys wynosi wg cennika 2024 r.: <strong>330 z\u0142 plus 6 z\u0142 za po\u015bciel czyli<\/strong> <strong>336z\u0142.<\/strong><\/span><\/p>\n<p><span style=\"font-family: helvetica, arial, sans-serif;\">Dochodzi jeszcze \u00a0<strong>OP\u0141ATA za udzia\u0142 w \u00a0konferencji<\/strong> w wysoko\u015bci <strong><u>160 z\u0142<\/u><\/strong>.<\/span><\/p>\n<p><span style=\"font-family: helvetica, arial, sans-serif;\">Czyli <strong>KOSZT CA\u0141KOWITY<\/strong> \u00a0<strong>w du\u017cym domu<\/strong> <strong>Ichthys<\/strong> <strong>wynosi<\/strong> <strong>496 z\u0142.<\/strong><\/span><\/p>\n<p><span style=\"font-family: helvetica, arial, sans-serif;\"><strong>Do 35 uczestnik\u00f3w zakwaterowanie b\u0119dzie tylko w du\u017cym domu Ichthys<\/strong>. W ma\u0142ym domku dopiero powy\u017cej 35 uczestnik\u00f3w.<\/span><\/p>\n<p><span style=\"font-family: helvetica, arial, sans-serif;\"><strong>Pokoje<\/strong> <strong>w domu Ichthys<\/strong> s\u0105 3-4 osobowe oraz dwa pokoje 6 osobowe. \u0141azienki na korytarzu. Przy rozmieszczaniu os\u00f3b w pokojach przyjmiemy kryterium wieku tzn. osoby najm\u0142odsze b\u0119d\u0105 mia\u0142y pokoje 6 osobowe na II pi\u0119trze.<\/span><\/p>\n<p><span style=\"font-family: helvetica, arial, sans-serif;\"><strong>Rozpoczniemy kolacj\u0105 o<\/strong> <strong>godz. 18:00<\/strong> <strong>w czwartek 23.05.<\/strong> <strong>Zakwaterowanie od godz. 16:00<\/strong>.<\/span><\/p>\n<p><span style=\"font-family: helvetica, arial, sans-serif;\"><strong>Zako\u0144czymy<\/strong> <strong>obiadem<\/strong> <strong>o 13.00<\/strong> <strong>w niedziel\u0119 26.05.<\/strong> Je\u015bli kto\u015b chcia\u0142by zosta\u0107 w Pomysku d\u0142u\u017cej, to b\u0119dzie to mo\u017cliwe.<\/span><\/p>\n<p><span style=\"font-family: helvetica, arial, sans-serif;\"><strong>ZG\u0141OSZENIA <\/strong>mailem na <a href=\"mailto:biuro@deignis.pl\"><strong>biuro@deignis.pl<\/strong><\/a> lub telefonicznie: <strong>730\u00a0241\u00a0712<\/strong><\/span><\/p>\n<p><span style=\"font-family: helvetica, arial, sans-serif;\"><strong>Do ko\u0144ca kwietnia<\/strong> nale\u017cy wp\u0142aci\u0107 bezzwrotn\u0105 zaliczk\u0119 w wysoko\u015bci <strong>100 z\u0142<\/strong> na konto gospodarzy domu Ichthys w Pomysku, kt\u00f3re zostanie podane po przyj\u0119ciu zg\u0142oszenia<strong>.<\/strong> Zaliczka jest na poczet zakwaterowania i wy\u017cywienia.<\/span><\/p>\n<p><span style=\"font-family: helvetica, arial, sans-serif;\"><strong>Do 22 maja<\/strong><strong> nale\u017cy dokona\u0107 op\u0142aty za udzia\u0142 w konferencji w wys. 160 z\u0142 \u00a0na konto Chrze\u015bcija\u0144skiej Fundacji DE\u2019IGNIS-Polska, kt\u00f3re zostanie podane po przyj\u0119ciu zg\u0142oszenia.<\/strong><\/span><\/p>\n<p><span style=\"font-family: helvetica, arial, sans-serif;\">B\u0119dziemy te\u017c <strong>zbiera\u0107 ofiar\u0119<\/strong> na dzia\u0142alno\u015b\u0107 naszej Fundacji. \u00a0Zach\u0119camy do uczestnictwa.<\/span><\/p>\n","protected":false},"excerpt":{"rendered":"<p>Zamiast sierpniowej Letniej Szko\u0142y Duszpasterstwa, kt\u00f3ra odbywa\u0142a si\u0119 przez ostatnie 6 lat, zapraszamy w tym roku na szkolenie \u201eKONFERENCJA \u00a0DUSZPASTERSKA\u201d w Pomysku Wielkim na Kaszubach w dniach 23-26 maja 2024 r. (czwartek-niedziela). Dom Ichthys &#8211; miejsce konferencji i zakwaterowania, po\u0142o\u017cony jest nad jeziorem w pobli\u017cu las\u00f3w w malowniczym, cichym zak\u0105tku. Podobnie jak w ubieg\u0142ych latach &#8230; <a title=\"Konferencja Duszpasterstwa\" class=\"read-more\" href=\"https:\/\/poradnictwo.deignis.pl\/index.php\/2024\/02\/24\/konferencja-duszpasterstwa\/\" aria-label=\"Dowiedz si\u0119 wi\u0119cej o Konferencja Duszpasterstwa\">czytaj dalej<\/a><\/p>\n","protected":false},"author":2,"featured_media":0,"comment_status":"closed","ping_status":"open","sticky":false,"template":"","format":"standard","meta":{"generate_page_header":"","footnotes":""},"categories":[7],"tags":[],"class_list":["post-581","post","type-post","status-publish","format-standard","hentry","category-archiwum","generate-columns","tablet-grid-50","mobile-grid-100","grid-parent","grid-50"],"_links":{"self":[{"href":"https:\/\/poradnictwo.deignis.pl\/index.php\/wp-json\/wp\/v2\/posts\/581","targetHints":{"allow":["GET"]}}],"collection":[{"href":"https:\/\/poradnictwo.deignis.pl\/index.php\/wp-json\/wp\/v2\/posts"}],"about":[{"href":"https:\/\/poradnictwo.deignis.pl\/index.php\/wp-json\/wp\/v2\/types\/post"}],"author":[{"embeddable":true,"href":"https:\/\/poradnictwo.deignis.pl\/index.php\/wp-json\/wp\/v2\/users\/2"}],"replies":[{"embeddable":true,"href":"https:\/\/poradnictwo.deignis.pl\/index.php\/wp-json\/wp\/v2\/comments?post=581"}],"version-history":[{"count":2,"href":"https:\/\/poradnictwo.deignis.pl\/index.php\/wp-json\/wp\/v2\/posts\/581\/revisions"}],"predecessor-version":[{"id":585,"href":"https:\/\/poradnictwo.deignis.pl\/index.php\/wp-json\/wp\/v2\/posts\/581\/revisions\/585"}],"wp:attachment":[{"href":"https:\/\/poradnictwo.deignis.pl\/index.php\/wp-json\/wp\/v2\/media?parent=581"}],"wp:term":[{"taxonomy":"category","embeddable":true,"href":"https:\/\/poradnictwo.deignis.pl\/index.php\/wp-json\/wp\/v2\/categories?post=581"},{"taxonomy":"post_tag","embeddable":true,"href":"https:\/\/poradnictwo.deignis.pl\/index.php\/wp-json\/wp\/v2\/tags?post=581"}],"curies":[{"name":"wp","href":"https:\/\/api.w.org\/{rel}","templated":true}]}}