{"id":609,"date":"2025-04-01T21:13:04","date_gmt":"2025-04-01T19:13:04","guid":{"rendered":"http:\/\/poradnictwo.deignis.pl\/?p=609"},"modified":"2025-04-01T21:15:01","modified_gmt":"2025-04-01T19:15:01","slug":"konferencja-duszpasterstwa-2","status":"publish","type":"post","link":"https:\/\/poradnictwo.deignis.pl\/index.php\/2025\/04\/01\/konferencja-duszpasterstwa-2\/","title":{"rendered":"Konferencja Duszpasterstwa 22-25 maja 2025 r."},"content":{"rendered":"<p><span style=\"font-family: helvetica, arial, sans-serif;\">Zapraszamy na polsko-niemieck\u0105 <strong>KONFERENCJ\u0118 \u00a0DUSZPASTERSTWA w Pomysku Wielkim<\/strong> na Kaszubach w dniach <strong>22-25 maja<\/strong> 2025 r. (<strong>czwartek-niedziela<\/strong>). <strong>Dom Ichthys<\/strong> &#8211; miejsce konferencji i zakwaterowania, po\u0142o\u017cony jest nad jeziorem w pobli\u017cu las\u00f3w w malowniczym, cichym zak\u0105tku. Podobnie jak w ubieg\u0142ych latach po\u0142\u0105czymy 5-6 godzin wyk\u0142ad\u00f3w dziennie z wypoczynkiem, spo\u0142eczno\u015bci\u0105, modlitw\u0105 i uwielbieniem.<\/span><\/p>\n<p><span style=\"font-family: helvetica, arial, sans-serif;\"><strong>TEMAT<\/strong> <strong>konferencji:<\/strong> \u00a0<\/span><\/p>\n<p><span style=\"font-family: helvetica, arial, sans-serif;\"><strong><em>Czynniki wp\u0142ywaj\u0105ce na skuteczno\u015b\u0107 psychoterapii i duszpasterstwa. <\/em><\/strong><\/span><\/p>\n<p><span style=\"font-family: helvetica, arial, sans-serif;\"><strong><em>Dlaczego duszpasterstwo (psychologia pastoralna) mo\u017ce by\u0107 tak samo pomocne jak psychoterapia, ale w inny spos\u00f3b? Jakie s\u0105 r\u00f3\u017cnice, a co jest wsp\u00f3lne?<\/em><\/strong><\/span><\/p>\n<ul>\n<li><span style=\"font-family: helvetica, arial, sans-serif;\"><strong>Jak mog\u0119 pomaga\u0107 ludziom i jednocze\u015bnie otrzymywa\u0107 pomoc?<\/strong><\/span><\/li>\n<li><span style=\"font-family: helvetica, arial, sans-serif;\"><strong>Biblijne wskaz\u00f3wki i duchowa inspiracja<\/strong><\/span><\/li>\n<li><span style=\"font-family: helvetica, arial, sans-serif;\"><strong>Fachowe wyk\u0142ady<\/strong><\/span><\/li>\n<li><span style=\"font-family: helvetica, arial, sans-serif;\"><strong>Orze\u017awiaj\u0105ce uwielbienie. Oczekujemy Bo\u017cej obecno\u015bci i g\u0142\u0119bokich spotka\u0144 z Bogiem.<\/strong><\/span><\/li>\n<\/ul>\n<p><span style=\"font-family: helvetica, arial, sans-serif;\"><strong>WYK\u0141ADOWCY:<\/strong>\u00a0<\/span><\/p>\n<p><span style=\"font-family: helvetica, arial, sans-serif;\"><strong><u>Winfried Hahn<\/u><\/strong>, pedagog i pastor, autor kilku ksi\u0105\u017cek. Przez ponad 20 lat by\u0142 pastorem w kilku ko\u015bcio\u0142ach charyzmatycznych, kt\u00f3re prze\u017cy\u0142y duchowe przebudzenie. Owocem tych przebudze\u0144 by\u0142o \u200b\u200bpowstanie Centrum Pozaklinicznej Opieki Psychiatrycznej DE\u2019IGNIS w Engelswies w Niemczech, kt\u00f3rym kierowa\u0142 przez ponad 30 lat. Za\u0142o\u017cy\u0142 tak\u017ce Centrum Szkoleniowe Tabor w zakresie teologii pastoralnej, poradnictwa, duszpasterstwa\u00a0 oraz przebudzenia.<strong> TEMAT<em>: Skuteczne duszpasterstwo w mocy Ducha \u015awi\u0119tego.<\/em><\/strong><\/span><\/p>\n<p><span style=\"font-family: helvetica, arial, sans-serif;\"><strong><u>Prof. Herbert Scheiblich <\/u>\u2013 wyk\u0142ad video <\/strong>&#8211; psychiatra, wyk\u0142ada\u0142 na Uniwersytecie w Mainz w Niemczech oraz w Bern w Szwajcarii. <strong>TEMAT:<em> Zintegrowany model opieki duszpasterskiej i psychoterapii wykorzystuj\u0105cy r\u00f3\u017cne formy interwencji i metody leczenia w odniesieniu do do\u015bwiadcze\u0144 wi\u0119zi i kontekstu kulturowego<\/em>.<\/strong><\/span><\/p>\n<p><span style=\"font-family: helvetica, arial, sans-serif;\"><strong><u>Dietmar Schwabe <\/u>\u2013 wyk\u0142ad video &#8211; <\/strong>pastor, wieloletni dyrektor szkolenia duszpasterskiego w Seminarium Duchownym w Erzhausen.<strong> TEMAT: <em>W jaki spos\u00f3b rozwija si\u0119 opieka duszpasterska w ko\u015bciele i jak staje si\u0119 skuteczna.<\/em><\/strong><\/span><\/p>\n<p><span style=\"font-family: helvetica, arial, sans-serif;\"><strong><u>Grzegorz Baczewski <\/u>\u2013 wyk\u0142ad video &#8211; \u00a0<\/strong>pastor ds. duszpasterstwa i kierownik poradni w Spo\u0142eczno\u015bci Chrze\u015bcija\u0144skiej P\u00f3\u0142noc w Warszawie, lekarz.<strong> TEMAT: <em>R\u00f3\u017cnice mi\u0119dzy duszpasterstwem a psychoterapi\u0105.<\/em><\/strong><\/span><\/p>\n<p><span style=\"font-family: helvetica, arial, sans-serif;\"><strong><u>Andrzej N\u0119dzusiak <\/u>\u2013 wyk\u0142ad video &#8211; <\/strong>Prezbiter KBwCh<strong>. TEMAT: <em>Skuteczno\u015b\u0107 Ducha \u015awi\u0119tego w s\u0142u\u017cbie duszpasterskiej i w ko\u015bciele.<\/em><\/strong><\/span><\/p>\n<p><span style=\"font-family: helvetica, arial, sans-serif;\"><strong>MIEJSCE konferencji<\/strong>: <strong>Dom Ichthys w Pomysku Wielkim k\/Bytowa, ul. Stary Staw 1.<\/strong> (poprzedni adres do u\u017cycia w mapach Google: Pomysk Wielki 61A), wsp\u00f3\u0142rz\u0119dne GPS:\u00a054.194559, 17.548113). Zdj\u0119cia domu mo\u017cna zobaczy\u0107 tu: <a href=\"http:\/\/deignis.pl\/dom-ichthys\/galeria-dom\/\">http:\/\/deignis.pl\/dom-ichthys\/galeria-dom\/<\/a><\/span><\/p>\n<p><span style=\"font-family: helvetica, arial, sans-serif;\"><strong>KOSZT zakwaterowania i wy\u017cywienia (od kolacji w czwartek o 18.00 do obiadu w niedziel\u0119 o 13.00) w du\u017cym domu Ichthys<\/strong> wynosi: <strong>330 z\u0142 plus 6 z\u0142 za po\u015bciel czyli<\/strong> <strong><u>336z\u0142<\/u> <\/strong>&#8211; p\u0142atne dla gospodarzy domu Ichthys w Pomysku: <strong>100 z\u0142 zaliczki na konto + 236 z\u0142 got\u00f3wk\u0105 w Pomysku<\/strong> oraz<\/span><\/p>\n<p><span style=\"font-family: helvetica, arial, sans-serif;\"><strong>OP\u0141ATA za udzia\u0142 w \u00a0konferencji<\/strong> w wysoko\u015bci <strong>200 z\u0142<\/strong> \u2013 <strong>p\u0142atne na konto Fundacji DE\u2019IGNIS-Polska. <\/strong><\/span><\/p>\n<p><span style=\"font-family: helvetica, arial, sans-serif;\"><strong>KOSZT CA\u0141KOWITY<\/strong> <strong>z zakwaterowaniem<\/strong> <strong>w du\u017cym domu<\/strong> <strong>Ichthys<\/strong> <strong>wynosi<\/strong> <strong>536 z\u0142. <\/strong><\/span><\/p>\n<p><span style=\"font-family: helvetica, arial, sans-serif;\"><strong>Pokoje<\/strong> <strong>w domu Ichthys<\/strong> s\u0105 3-4 osobowe oraz dwa pokoje 6 osobowe. \u0141azienki na korytarzu. Przy rozmieszczaniu os\u00f3b w pokojach przyjmiemy kryterium wieku tzn. osoby najm\u0142odsze b\u0119d\u0105 mia\u0142y pokoje 6 osobowe na II pi\u0119trze.<\/span><\/p>\n<p><span style=\"font-family: helvetica, arial, sans-serif;\"><strong>Rozpoczniemy kolacj\u0105 o<\/strong> <strong>18:00<\/strong> <strong>w czwartek 22.05.<\/strong> <strong>Zakwaterowanie od godz. 16:00<\/strong>.<\/span><\/p>\n<p><span style=\"font-family: helvetica, arial, sans-serif;\"><strong>Zako\u0144czymy<\/strong> <strong>obiadem<\/strong> <strong>o 13:00<\/strong> <strong>w niedziel\u0119 25.05. <\/strong>Je\u015bli kto\u015b chcia\u0142by zosta\u0107 w Pomysku d\u0142u\u017cej, to b\u0119dzie to mo\u017cliwe po uzgodnieniu z gospodarzami domu.<\/span><\/p>\n<p><span style=\"font-family: helvetica, arial, sans-serif;\"><strong>ZG\u0141OSZENIA\u00a0 mailem na <\/strong><a href=\"mailto:biuro@deignis.pl\"><strong>biuro@deignis.pl<\/strong><\/a><strong> lub telefonicznie: 730\u00a0241\u00a0712.<\/strong><\/span><\/p>\n<p><span style=\"font-family: helvetica, arial, sans-serif;\"><strong>Do 15 maja<\/strong> nale\u017cy wp\u0142aci\u0107 <strong>bezzwrotn\u0105<\/strong> <strong>zaliczk\u0119 w wys. 100 <\/strong>z\u0142 na konto gospodarzy domu Ichthys w Pomysku, kt\u00f3re zostanie podane po przyj\u0119ciu zg\u0142oszenia. Zaliczka jest na poczet zakwaterowania i wy\u017cywienia. Reszta, czyli 236 z\u0142 got\u00f3wk\u0105 w Pomysku.<\/span><\/p>\n<p><span style=\"font-family: helvetica, arial, sans-serif;\"><strong>Do 20 maja<\/strong> nale\u017cy dokona\u0107<strong> op\u0142aty za udzia\u0142 w szkoleniu w wys. 200 z\u0142 \u00a0<\/strong>na konto Chrze\u015bcija\u0144skiej Fundacji DE\u2019IGNIS-Polska, kt\u00f3re zostanie podane po przyj\u0119ciu zg\u0142oszenia.<\/span><\/p>\n<p><span style=\"font-family: helvetica, arial, sans-serif;\">Uczestnicy otrzymaj\u0105 <strong>za\u015bwiadczenie<\/strong> <strong>o uczestnictwie<\/strong> w szkoleniu.<\/span><\/p>\n<p><span style=\"font-family: helvetica, arial, sans-serif;\">B\u0119dziemy te\u017c <strong>zbiera\u0107 ofiar\u0119<\/strong> na dzia\u0142alno\u015b\u0107 naszej Fundacji. \u00a0Zach\u0119camy do uczestnictwa.<\/span><\/p>\n","protected":false},"excerpt":{"rendered":"<p>Zapraszamy na polsko-niemieck\u0105 KONFERENCJ\u0118 \u00a0DUSZPASTERSTWA w Pomysku Wielkim na Kaszubach w dniach 22-25 maja 2025 r. (czwartek-niedziela). Dom Ichthys &#8211; miejsce konferencji i zakwaterowania, po\u0142o\u017cony jest nad jeziorem w pobli\u017cu las\u00f3w w malowniczym, cichym zak\u0105tku. Podobnie jak w ubieg\u0142ych latach po\u0142\u0105czymy 5-6 godzin wyk\u0142ad\u00f3w dziennie z wypoczynkiem, spo\u0142eczno\u015bci\u0105, modlitw\u0105 i uwielbieniem. TEMAT konferencji: \u00a0 Czynniki &#8230; <a title=\"Konferencja Duszpasterstwa 22-25 maja 2025 r.\" class=\"read-more\" href=\"https:\/\/poradnictwo.deignis.pl\/index.php\/2025\/04\/01\/konferencja-duszpasterstwa-2\/\" aria-label=\"Dowiedz si\u0119 wi\u0119cej o Konferencja Duszpasterstwa 22-25 maja 2025 r.\">czytaj dalej<\/a><\/p>\n","protected":false},"author":2,"featured_media":0,"comment_status":"closed","ping_status":"open","sticky":false,"template":"","format":"standard","meta":{"generate_page_header":"","footnotes":""},"categories":[6],"tags":[],"class_list":["post-609","post","type-post","status-publish","format-standard","hentry","category-aktualne","generate-columns","tablet-grid-50","mobile-grid-100","grid-parent","grid-50"],"_links":{"self":[{"href":"https:\/\/poradnictwo.deignis.pl\/index.php\/wp-json\/wp\/v2\/posts\/609","targetHints":{"allow":["GET"]}}],"collection":[{"href":"https:\/\/poradnictwo.deignis.pl\/index.php\/wp-json\/wp\/v2\/posts"}],"about":[{"href":"https:\/\/poradnictwo.deignis.pl\/index.php\/wp-json\/wp\/v2\/types\/post"}],"author":[{"embeddable":true,"href":"https:\/\/poradnictwo.deignis.pl\/index.php\/wp-json\/wp\/v2\/users\/2"}],"replies":[{"embeddable":true,"href":"https:\/\/poradnictwo.deignis.pl\/index.php\/wp-json\/wp\/v2\/comments?post=609"}],"version-history":[{"count":2,"href":"https:\/\/poradnictwo.deignis.pl\/index.php\/wp-json\/wp\/v2\/posts\/609\/revisions"}],"predecessor-version":[{"id":611,"href":"https:\/\/poradnictwo.deignis.pl\/index.php\/wp-json\/wp\/v2\/posts\/609\/revisions\/611"}],"wp:attachment":[{"href":"https:\/\/poradnictwo.deignis.pl\/index.php\/wp-json\/wp\/v2\/media?parent=609"}],"wp:term":[{"taxonomy":"category","embeddable":true,"href":"https:\/\/poradnictwo.deignis.pl\/index.php\/wp-json\/wp\/v2\/categories?post=609"},{"taxonomy":"post_tag","embeddable":true,"href":"https:\/\/poradnictwo.deignis.pl\/index.php\/wp-json\/wp\/v2\/tags?post=609"}],"curies":[{"name":"wp","href":"https:\/\/api.w.org\/{rel}","templated":true}]}}