{"id":614,"date":"2025-05-29T21:19:25","date_gmt":"2025-05-29T19:19:25","guid":{"rendered":"https:\/\/poradnictwo.deignis.pl\/?p=614"},"modified":"2025-05-29T21:19:25","modified_gmt":"2025-05-29T19:19:25","slug":"spotkanie-punktow-poradnictwa-14-czerwca-2025-roku","status":"publish","type":"post","link":"https:\/\/poradnictwo.deignis.pl\/index.php\/2025\/05\/29\/spotkanie-punktow-poradnictwa-14-czerwca-2025-roku\/","title":{"rendered":"Spotkanie punkt\u00f3w poradnictwa 14 czerwca 2025 roku"},"content":{"rendered":"<p><span style=\"font-family: helvetica, arial, sans-serif;\"><strong>Zapraszamy na otwarte dla wszystkich szkolenie Punkt\u00f3w Poradnictwa Ichthys w sobot\u0119 14 czerwca<\/strong> <strong>2025 r.<\/strong> <strong>w Warszawie, w godzinach<\/strong> <strong>10:00-15:00<\/strong>. (nie b\u0119dzie transmisji online).<\/span><\/p>\n<p><span style=\"font-family: helvetica, arial, sans-serif;\"><strong>MIEJSCE szkolenia: Ko\u015bci\u00f3\u0142 Ducha \u015awi\u0119tego, ul. MODLI\u0143SKA 264 A <u>(<\/u>Warszawa Bia\u0142o\u0142\u0119ka<u>)<\/u>,<br \/>\nI pi\u0119tro,<\/strong> (na parterze jest warsztat \u201eAkumulatory\u201d), <strong>wej\u015bcie jest od strony ulicy.<\/strong><\/span><\/p>\n<p><span style=\"font-family: helvetica, arial, sans-serif;\"><strong>TEMAT<\/strong>: <strong><em>Trauma \u2013 poradnictwo w duszpasterstwie (psychologii pastoralnej) i w psychoterapii. Jak duszpasterz mo\u017ce pom\u00f3c w r\u00f3\u017cnego rodzaju traumach. <\/em><\/strong><\/span><\/p>\n<p><span style=\"font-family: helvetica, arial, sans-serif;\">Szkolenie b\u0119dzie nagrywane. Je\u015bli kto\u015b nie mo\u017ce uczestniczy\u0107, mo\u017cna zam\u00f3wi\u0107 nagrania w cenie uczestnictwa (60 z\u0142).\u00a0<\/span><\/p>\n<p><span style=\"font-family: helvetica, arial, sans-serif;\"><strong>WYK\u0141ADOWCY:<\/strong><\/span><\/p>\n<p><span style=\"font-family: helvetica, arial, sans-serif;\"><strong>Winfried Hahn<\/strong>, pedagog i pastor, szef Centrum Pozaklinicznej Opieki Psychiatrycznej DE\u2019IGNIS w Engelswies w Niemczech, prezes Chrze\u015bcija\u0144skiej Fundacji DE\u2019IGNIS-Polska.<\/span><\/p>\n<p><span style=\"font-family: helvetica, arial, sans-serif;\"><strong>Prof. dr med. Herbert Scheiblich<\/strong>, <strong>psychiatra<\/strong>, wyk\u0142ada\u0142 na Uniwersytecie w Mainz w Niemczech oraz w Bern w Szwajcarii. Odpowiada za psychoterapeutyczn\u0105 dzia\u0142alno\u015b\u0107 Instytutu DE\u2019IGNIS w Altensteig.<\/span><\/p>\n<p><span style=\"font-family: helvetica, arial, sans-serif;\"><strong>Rejestracja od godz. 9:40<br \/>\nRozpocz\u0119cie o godz. 10:00<br \/>\nPrzerwa na kaw\u0119\u00a0 ok. godz. 12:00<br \/>\nPrzerwa na obiad\u00a0 13:30 \u2013 14:00<br \/>\nZako\u0144czenie o godz. 15:00<\/strong><\/span><\/p>\n<p><span style=\"font-family: helvetica, arial, sans-serif;\"><strong>OP\u0141ATA na konto\u00a0<\/strong><span style=\"text-decoration: underline;\"><a href=\"http:\/\/deignis.pl\/\"><strong>Fundacji DE\u2019IGNIS-Polska<\/strong><\/a><\/span><strong>, kt\u00f3re zostanie podane po przyj\u0119ciu zg\u0142oszenia.<br \/>\n\u2013 za uczestnictwo:\u00a0 60 z\u0142<br \/>\n\u2013 za obiad <\/strong>(catering)<strong>:\u00a0 32 z\u0142 <\/strong>(udzia\u0142\u00a0 z obiadem 92 z\u0142)<\/span><\/p>\n<p><span style=\"font-family: helvetica, arial, sans-serif;\"><strong>ZG\u0141OSZENIE uczestnictwa i zam\u00f3wienie obiadu emailem na <\/strong><a href=\"mailto:biuro@deignis.pl\">biuro@deignis.pl<\/a><strong> \u00a0lub telefonicznie: 730 241 712.\u00a0<\/strong><\/span><span style=\"font-family: helvetica, arial, sans-serif;\"><strong>Prosz\u0119 w zg\u0142oszeniu zaznaczy\u0107 z obiadem, czy bez.<\/strong><\/span><\/p>\n","protected":false},"excerpt":{"rendered":"<p>Zapraszamy na otwarte dla wszystkich szkolenie Punkt\u00f3w Poradnictwa Ichthys w sobot\u0119 14 czerwca 2025 r. w Warszawie, w godzinach 10:00-15:00. (nie b\u0119dzie transmisji online). MIEJSCE szkolenia: Ko\u015bci\u00f3\u0142 Ducha \u015awi\u0119tego, ul. MODLI\u0143SKA 264 A (Warszawa Bia\u0142o\u0142\u0119ka), I pi\u0119tro, (na parterze jest warsztat \u201eAkumulatory\u201d), wej\u015bcie jest od strony ulicy. TEMAT: Trauma \u2013 poradnictwo w duszpasterstwie (psychologii pastoralnej) &#8230; <a title=\"Spotkanie punkt\u00f3w poradnictwa 14 czerwca 2025 roku\" class=\"read-more\" href=\"https:\/\/poradnictwo.deignis.pl\/index.php\/2025\/05\/29\/spotkanie-punktow-poradnictwa-14-czerwca-2025-roku\/\" aria-label=\"Dowiedz si\u0119 wi\u0119cej o Spotkanie punkt\u00f3w poradnictwa 14 czerwca 2025 roku\">czytaj dalej<\/a><\/p>\n","protected":false},"author":2,"featured_media":0,"comment_status":"closed","ping_status":"open","sticky":false,"template":"","format":"standard","meta":{"generate_page_header":"","footnotes":""},"categories":[6],"tags":[],"class_list":["post-614","post","type-post","status-publish","format-standard","hentry","category-aktualne","generate-columns","tablet-grid-50","mobile-grid-100","grid-parent","grid-50"],"_links":{"self":[{"href":"https:\/\/poradnictwo.deignis.pl\/index.php\/wp-json\/wp\/v2\/posts\/614","targetHints":{"allow":["GET"]}}],"collection":[{"href":"https:\/\/poradnictwo.deignis.pl\/index.php\/wp-json\/wp\/v2\/posts"}],"about":[{"href":"https:\/\/poradnictwo.deignis.pl\/index.php\/wp-json\/wp\/v2\/types\/post"}],"author":[{"embeddable":true,"href":"https:\/\/poradnictwo.deignis.pl\/index.php\/wp-json\/wp\/v2\/users\/2"}],"replies":[{"embeddable":true,"href":"https:\/\/poradnictwo.deignis.pl\/index.php\/wp-json\/wp\/v2\/comments?post=614"}],"version-history":[{"count":1,"href":"https:\/\/poradnictwo.deignis.pl\/index.php\/wp-json\/wp\/v2\/posts\/614\/revisions"}],"predecessor-version":[{"id":615,"href":"https:\/\/poradnictwo.deignis.pl\/index.php\/wp-json\/wp\/v2\/posts\/614\/revisions\/615"}],"wp:attachment":[{"href":"https:\/\/poradnictwo.deignis.pl\/index.php\/wp-json\/wp\/v2\/media?parent=614"}],"wp:term":[{"taxonomy":"category","embeddable":true,"href":"https:\/\/poradnictwo.deignis.pl\/index.php\/wp-json\/wp\/v2\/categories?post=614"},{"taxonomy":"post_tag","embeddable":true,"href":"https:\/\/poradnictwo.deignis.pl\/index.php\/wp-json\/wp\/v2\/tags?post=614"}],"curies":[{"name":"wp","href":"https:\/\/api.w.org\/{rel}","templated":true}]}}